{"id":4466,"date":"2022-06-16T12:25:39","date_gmt":"2022-06-16T10:25:39","guid":{"rendered":"https:\/\/zas.eus\/?p=4466"},"modified":"2022-06-16T12:27:35","modified_gmt":"2022-06-16T10:27:35","slug":"entrevista-sobre-movimiento-regularizacionya-a-fernanda-callejas-red-de-mujeres-migradas-y-racializadas-de-euskalherria-y-a-jatou-fall-cnaae-comunidad-negra-africana-afrodescendiente-en-euskadi","status":"publish","type":"post","link":"https:\/\/zas.eus\/eu\/entrevista-sobre-movimiento-regularizacionya-a-fernanda-callejas-red-de-mujeres-migradas-y-racializadas-de-euskalherria-y-a-jatou-fall-cnaae-comunidad-negra-africana-afrodescendiente-en-euskadi\/","title":{"rendered":"#Regularizaci\u00f3nYa mugimenduari buruzko elkarrizketa: Fernanda Callejas eta Jatou Fall"},"content":{"rendered":"<p><img decoding=\"async\" class=\"alignnone size-medium wp-image-4467 lazyload\" data-src=\"http:\/\/zas.eus\/wp-content\/uploads\/2022\/06\/WhatsApp-Image-2022-05-31-at-1.05.27-PM-600x487.jpeg\" alt=\"\" width=\"600\" height=\"487\" data-srcset=\"https:\/\/zas.eus\/wp-content\/uploads\/2022\/06\/WhatsApp-Image-2022-05-31-at-1.05.27-PM-600x487.jpeg 600w, https:\/\/zas.eus\/wp-content\/uploads\/2022\/06\/WhatsApp-Image-2022-05-31-at-1.05.27-PM-1024x831.jpeg 1024w, https:\/\/zas.eus\/wp-content\/uploads\/2022\/06\/WhatsApp-Image-2022-05-31-at-1.05.27-PM-560x454.jpeg 560w, https:\/\/zas.eus\/wp-content\/uploads\/2022\/06\/WhatsApp-Image-2022-05-31-at-1.05.27-PM.jpeg 1433w\" data-sizes=\"(max-width: 600px) 100vw, 600px\" src=\"data:image\/svg+xml;base64,PHN2ZyB3aWR0aD0iMSIgaGVpZ2h0PSIxIiB4bWxucz0iaHR0cDovL3d3dy53My5vcmcvMjAwMC9zdmciPjwvc3ZnPg==\" style=\"--smush-placeholder-width: 600px; --smush-placeholder-aspect-ratio: 600\/487;\" \/><\/p>\n<p>Fernanda Callejas-Red de Mujeres Migradas y Racializadas de Euskalherria<br \/>\nJatou Fall-CNAAE (Comunidad Negra Africana Afrodescendiente en Euskadi)<\/p>\n<p><strong>\u00bfQu\u00e9 ha motivado la puesta en marcha de esta campa\u00f1a por la regularizaci\u00f3n?<\/strong><\/p>\n<p>Fernanda: Desde el 2020, cuando comenz\u00f3 el confinamiento, comienzan a ser m\u00e1s obvias las desigualdades, que ya exist\u00edan antes, pero en ese momento quienes nos quedamos fuera de las medidas estatales puestas en marcha para sobrellevar la crisis sanitaria fuimos quienes est\u00e1bamos en situaci\u00f3n administrativa irregular. Ya hab\u00edamos estado organizadas para \u201cacuerparnos\u201d, siempre tenemos organizaciones en las cuales sostenernos. Dentro de esas organizaciones estaban los colectivos de \u201c12 de octubre nada que celebrar\u201d, a nivel estatal. Vimos lo que estaba sucediendo en Portugal y dijimos vamos a lanzar una campa\u00f1a por Twitter a ver qui\u00e9n responde. Hubo mucha respuesta y de ah\u00ed surge el movimiento Regularizaci\u00f3n Ya. Dentro de este movimiento de colectivas migrantes en todo el estado tambi\u00e9n estaba el Movimiento Antirracista de Euskal Herria que hab\u00eda lanzado un comunicado despu\u00e9s de todas las violencias que se estaban viviendo en el barrio de San Francisco y dentro de la comunidad migrante residente del Pa\u00eds Vasco. Se envi\u00f3 una carta al gobierno con todas las demandas (cierre de los CIES, regularizaci\u00f3n, ingreso vital m\u00ednimo, etc.) y tambi\u00e9n se hizo una propuesta no de ley que fueron rechazadas y no obtuvimos respuesta. Ahora estamos con la campa\u00f1a de la ILP con la que nos toca pedir derechos, que por el simple hecho de ser personas nos deber\u00edan corresponder, y recolectar 500.000 firmas de ciudadanos y ciudadanas espa\u00f1olas con DNI y mayor de 18 a\u00f1os\u2026<\/p>\n<p>Jatou: Ellos nos tienen que avalar que podamos tener derechos, es un poco\u2026<\/p>\n<p><strong>\u00bfDe qu\u00e9 cifras y de qu\u00e9 tipo de colectivos estamos hablando?<\/strong><\/p>\n<p>Fernanda: Aqu\u00ed en Pa\u00eds Vasco un c\u00e1lculo aproximado es que habemos como 10.000 personas en situaci\u00f3n administrativa irregular. Seg\u00fan Ikuspegi, teniendo en cuenta a quienes est\u00e1n empadronados, el primer lugar eran compa\u00f1eros provenientes de Marruecos, Colombia, Nicaragua, Rumania, Bolivia quienes se encuentran en los primeros lugares de poblaci\u00f3n de origen extranjero. Luego desde un colectivo de feminista nicarag\u00fcenses exiliadas vimos que de las mujeres migrantes empadronadas en situaci\u00f3n irregular ocupan el primer lugar las nicarag\u00fcenses.\u00a0 Esas mujeres que no se ven, pero que est\u00e1n en las casas trabajando de internas\u2026 Un trabajo que conlleva violencia tanto f\u00edsica como psicol\u00f3gica y, obviamente, laboral. Y eso s\u00ed que es ilegal, es ilegal tener a una mujer bajo un r\u00e9gimen de trabajo del hogar, cuidando a una persona totalmente dependiente.\u00a0 Estas mujeres adem\u00e1s de gestionar el trabajo de hogar, est\u00e1n realizando cuidados que deber\u00edan ser remunerados ya que tambi\u00e9n son sociosanitarias. Todas estas violencias se dan gracias a la irregularidad a la que somos sometidas con el amparo de una ley anti derechos de extranjer\u00eda, y la necesidad con la que salimos de nuestros pa\u00edses, mismas necesidades que se agudizan al estar en un abandono institucional en los pa\u00edses mal llamados de acogida\u2026.<\/p>\n<p>Porque no podemos dejar de lado la corresponsabilidad tanto de los estados de origen como los de llegada. Porque estamos cubriendo una crisis de cuidados que deber\u00eda solventar el Estado Espa\u00f1ol quien a prop\u00f3sito se vio obligado a crear una Ley de la Dependencia, pero que debido a la incapacidad del mismo de financiar y\/o aplicarla correctamente se beneficia de la explotaci\u00f3n de la mano de obra migrante y de los cuerpos de nosotras las mujeres en situaci\u00f3n administrativa irregular. Luego est\u00e1 el estado de origen. En Nicaragua, por ejemplo, el segundo ingreso a la econom\u00eda son las remesas. Solo en 2019 150 mil millones de d\u00f3lares fueron percibidos en remesas de todas las y los nicarag\u00fcenses que est\u00e1n fuera de su pa\u00eds. Es un estado que exporta mano de obra barata y esta misma din\u00e1mica se replica en todos los pa\u00edses del sur global. Es lo que nos queda, porque nuestros recursos est\u00e1n siendo explotados para el bienestar de otras sociedades, las del norte global. Nosotras salimos porque nos roban nuestros derechos all\u00e1 y venimos aqu\u00ed para ser explotadas. Es una mafia a la que me gusta llamar la industria del Desplazamiento porque no es nada m\u00e1s que eso. La migraci\u00f3n no es realmente voluntaria y nos hemos acostumbrado a mal llamarlas \u201cmigraciones econ\u00f3micas\u201d y entonces dejamos de ser personas refugiadas, personas desplazadas, y dejamos de\u2026 porque no hay violencia \u201carmada\u201d, pero \u00bfqu\u00e9 es violencia para los estados cuando un estado te est\u00e1 diciendo que tienes que salir? Las centroamericanas tenemos un dicho que para nosotras es gracioso pero que tiene mucho peso pol\u00edtico: todas las centroamericanas nacemos con un espacio en las filas de la inmigraci\u00f3n, porque sabemos que nos vamos a tener que ir. Y llegamos a estos nortes a seguir peleando por nuestros derechos. All\u00ed estamos acostumbradas a luchar con u\u00f1as y dientes por nuestros derechos. Y llegas ac\u00e1 y te quitan las u\u00f1as y te quitan los dientes. Y para volv\u00e9rtelos a poner tienes que conseguir 500 mil firmas para ver si te dan un permiso de trabajo y uno de residencia. Es como que\u2026 es cansado.<\/p>\n<p><strong>\u00bfC\u00f3mo afecta y qu\u00e9 efectos tiene el hecho de estar en situaci\u00f3n irregular administrativa?<\/strong><\/p>\n<p>Jatou: En muchos. Un campo muy invisibilizado es el de la salud mental que no se suele tener en cuenta. Es un campo invisibilizado en todas partes, y m\u00e1s dentro de la poblaci\u00f3n migrante. Sales a la calle y corres el riesgo de ser deportado, tienes ese miedo, hay gente que apenas sale\u2026van a lo b\u00e1sico y vuelven. Por supuesto no te pueden detener por no llevar la documentaci\u00f3n encima, pero s\u00ed que es verdad que en cuanto a vulneraci\u00f3n de derechos muchas veces cuando vas por la calle y te hacen ese perfilamiento \u00e9tnico-racial siempre caemos nosotras. Tambi\u00e9n la educaci\u00f3n, el acceso a la vivienda porque no tienes un contrato que te pueda avalar, el acceso a los derechos b\u00e1sicos. Trat\u00e1ndose Espa\u00f1a de un estado social y democr\u00e1tico de derechos creo que no se puede permitir que haya personas que est\u00e9n, como dec\u00eda Fernanda, contribuyendo a las arcas del estado, pero a la vez no tengan derechos. Es como os necesitamos para la econom\u00eda, pero hasta ah\u00ed, no pid\u00e1is m\u00e1s porque no os vamos a dar m\u00e1s.<\/p>\n<p><strong>\u00bfC\u00f3mo cre\u00e9is que la sociedad vasca percibe esta propuesta de regularizaci\u00f3n y hasta qu\u00e9 punto la aprueba?<\/strong><\/p>\n<p>Jatou: Pues eso es curioso, porque seg\u00fan un informe que hizo la universidad Carlos III de Madrid m\u00e1s del 70% de la poblaci\u00f3n espa\u00f1ola ve bien que se haga una regularizaci\u00f3n. Pero es el miedo del gobierno. Por supuesto se han hecho regularizaciones antes. Yo a veces pienso\u2026 \u00bfpero por qu\u00e9 estamos teniendo un debate de dar derechos a las personas? \u00bfeso es un debate realmente? Pero, claro, \u00bfa qu\u00e9 personas toca? Porque por supuesto si toca a personas blancas ese debate no estar\u00eda, no habr\u00eda que hablar sobre esto, no habr\u00eda que recoger firmas. Pero si nos toca a personas no blancas, entonces vamos a debatirlo, vamos a hacer estudios, vamos a mirarlo\u2026<\/p>\n<p>Se dice que venimos a quitar trabajo, pero a la vez a vivir de las ayudas del estado. Pero las personas extranjeras contribuyen m\u00e1s al estado de lo que reciben de ayudas. Hay muchos falsos mitos que hay que deconstruir y que son los que hacen que estemos en un berenjenal, con ciertas pel\u00edculas mentales en la cabeza que no termino de entender muy bien.<\/p>\n<p><strong>\u00bfEn qu\u00e9 beneficiar\u00eda la sociedad la regularizaci\u00f3n?<\/strong><\/p>\n<p>Fernanda: Al haber 500.000 personas en situaci\u00f3n irregular administrativa contribuyendo a una econom\u00eda sumergida que no genera impuestos directos a las arcas del estado. Desde ah\u00ed hay un d\u00e9ficit de gobernanza y un d\u00e9ficit de que la poblaci\u00f3n en general, incluidas estas trabajadoras y trabajadores que est\u00e1n sin derechos, puedan aportar a que todas nuestras instituciones funcionen de una mejor manera, a que se acabe la desigualdad en el momento de poder decir s\u00ed o no a un trabajo. Esa autonom\u00eda que tienen las personas con un simple papel que pueden decir voy a ir a trabajar a otro lugar si me niegan mis derechos. Nos quieren sin derechos, porque es la manera que muchos empresarios, no la sociedad en general, se benefician, tanto en nuestros pa\u00edses con las transnacionales como aqu\u00ed con nuestra mano de obra explotada.<\/p>\n<p>Ahora vemos que celebramos lo que est\u00e1 pasando con nuestros compa\u00f1eros y compa\u00f1eras de Ucrania porque es su derecho tener refugio si su situaci\u00f3n pol\u00edtica es la que es. Pero, decimos: si es posible porque es su derecho, \u00bfporque no lo es para todas las personas? \u00bfpor qu\u00e9 tienen que tener un perfil blanco, ojos azules, y que se acerquen mucho a Europa? \u00bfPor qu\u00e9 ellos s\u00ed tienen derecho a un permiso de trabajo y de residencia?<\/p>\n<p>Todos los lunes vemos a nuestros pensionistas en las calles de Bilbao y su lucha por una pensi\u00f3n m\u00ednima, que es su derecho porque se lo han currado toda la vida. Y la respuesta es que no hay dinero \u00bfpor qu\u00e9 no hay dinero? \u00bfDe d\u00f3nde vendr\u00eda ese dinero? Somos 500.000 personas que estamos trabajando desde una econom\u00eda sumergida, pero que podr\u00edamos contribuir si tuvi\u00e9semos ese derecho a simplemente trabajar con los derechos b\u00e1sicos. Asumimos las responsabilidades, pero se nos niegan los derechos.\u00a0 Estamos aqu\u00ed justamente porque es una cuesti\u00f3n de derechos humanos y de justicia social.<\/p>\n<p>Jatou: De hecho, seg\u00fan ese informe de la Universidad Carlos III de Madrid la aportaci\u00f3n media por trabajador regularizado incrementar\u00eda por encima de los 3.250 por persona y por a\u00f1o si esa persona estuviera regularizada. Son 3.250 personas y por a\u00f1o, tu multiplica eso. Es un beneficio lo mires por donde lo mires\u2026 por eso te dec\u00eda que no entiendo por qu\u00e9 esto es un debate. Las personas que tanto se niegan a esto lo hacen por el tema econ\u00f3mico. Pero por el tema econ\u00f3mico es por donde m\u00e1s beneficios hay. Solo por tema econ\u00f3mico\u2026 ah\u00ed no hay excusa.<\/p>\n<p>Fernanda: Creo que lo dice hasta este partido que tanto nos odia, que dice que quiere acabar con la migraci\u00f3n ilegal. Pues vale, que nos regularicen, \u00a1porque aqu\u00ed estamos!<\/p>\n","protected":false},"excerpt":{"rendered":"<p>Fernanda Callejas-Red de Mujeres Migradas y Racializadas de Euskalherria Jatou Fall-CNAAE (Comunidad Negra Africana Afrodescendiente&#8230;<\/p>\n","protected":false},"author":1,"featured_media":4467,"comment_status":"open","ping_status":"open","sticky":false,"template":"","format":"standard","meta":{"footnotes":""},"categories":[96],"tags":[],"class_list":["post-4466","post","type-post","status-publish","format-standard","has-post-thumbnail","hentry","category-entrevistas-eu"],"yoast_head":"<!-- This site is optimized with the Yoast SEO plugin v25.8 - https:\/\/yoast.com\/wordpress\/plugins\/seo\/ -->\n<title>#Regularizaci\u00f3nYa mugimenduari buruzko elkarrizketa: Fernanda Callejas eta Jatou Fall - Zas!<\/title>\n<meta name=\"robots\" content=\"index, follow, max-snippet:-1, max-image-preview:large, max-video-preview:-1\" \/>\n<link rel=\"canonical\" href=\"https:\/\/zas.eus\/entrevista-sobre-el-movimiento-regularizacionya-fernanda-callejas-y-jatou-fall\/\" \/>\n<meta property=\"og:locale\" content=\"eu_ES\" \/>\n<meta property=\"og:type\" content=\"article\" \/>\n<meta property=\"og:title\" content=\"#Regularizaci\u00f3nYa mugimenduari buruzko elkarrizketa: Fernanda Callejas eta Jatou Fall - Zas!\" \/>\n<meta property=\"og:description\" content=\"Fernanda Callejas-Red de Mujeres Migradas y Racializadas de Euskalherria Jatou Fall-CNAAE (Comunidad Negra Africana Afrodescendiente...\" \/>\n<meta property=\"og:url\" content=\"https:\/\/zas.eus\/entrevista-sobre-el-movimiento-regularizacionya-fernanda-callejas-y-jatou-fall\/\" \/>\n<meta property=\"og:site_name\" content=\"Zas!\" \/>\n<meta property=\"article:publisher\" content=\"https:\/\/www.facebook.com\/ZasAntirumor\/\" \/>\n<meta property=\"article:published_time\" content=\"2022-06-16T10:25:39+00:00\" \/>\n<meta property=\"article:modified_time\" content=\"2022-06-16T10:27:35+00:00\" \/>\n<meta property=\"og:image\" content=\"https:\/\/zas.eus\/wp-content\/uploads\/2022\/06\/WhatsApp-Image-2022-05-31-at-1.05.27-PM.jpeg\" \/>\n\t<meta property=\"og:image:width\" content=\"1433\" \/>\n\t<meta property=\"og:image:height\" content=\"1163\" \/>\n\t<meta property=\"og:image:type\" content=\"image\/jpeg\" \/>\n<meta name=\"author\" content=\"zas\" \/>\n<meta name=\"twitter:card\" content=\"summary_large_image\" \/>\n<meta name=\"twitter:creator\" content=\"@Zas_Antirumor\" \/>\n<meta name=\"twitter:site\" content=\"@Zas_Antirumor\" \/>\n<meta name=\"twitter:label1\" content=\"Written by\" \/>\n\t<meta name=\"twitter:data1\" content=\"zas\" \/>\n\t<meta name=\"twitter:label2\" content=\"Est. reading time\" \/>\n\t<meta name=\"twitter:data2\" content=\"8 minutes\" \/>\n<script type=\"application\/ld+json\" class=\"yoast-schema-graph\">{\"@context\":\"https:\/\/schema.org\",\"@graph\":[{\"@type\":\"Article\",\"@id\":\"https:\/\/zas.eus\/entrevista-sobre-el-movimiento-regularizacionya-fernanda-callejas-y-jatou-fall\/#article\",\"isPartOf\":{\"@id\":\"https:\/\/zas.eus\/entrevista-sobre-el-movimiento-regularizacionya-fernanda-callejas-y-jatou-fall\/\"},\"author\":{\"name\":\"zas\",\"@id\":\"https:\/\/zas.eus\/#\/schema\/person\/6c4d67875878e0ec633a66f7e7d3a5d5\"},\"headline\":\"#Regularizaci\u00f3nYa mugimenduari buruzko elkarrizketa: Fernanda Callejas eta Jatou Fall\",\"datePublished\":\"2022-06-16T10:25:39+00:00\",\"dateModified\":\"2022-06-16T10:27:35+00:00\",\"mainEntityOfPage\":{\"@id\":\"https:\/\/zas.eus\/entrevista-sobre-el-movimiento-regularizacionya-fernanda-callejas-y-jatou-fall\/\"},\"wordCount\":1802,\"commentCount\":0,\"publisher\":{\"@id\":\"https:\/\/zas.eus\/#organization\"},\"image\":{\"@id\":\"https:\/\/zas.eus\/entrevista-sobre-el-movimiento-regularizacionya-fernanda-callejas-y-jatou-fall\/#primaryimage\"},\"thumbnailUrl\":\"https:\/\/zas.eus\/wp-content\/uploads\/2022\/06\/WhatsApp-Image-2022-05-31-at-1.05.27-PM.jpeg\",\"articleSection\":[\"Entrevistas\"],\"inLanguage\":\"eu-ES\"},{\"@type\":\"WebPage\",\"@id\":\"https:\/\/zas.eus\/entrevista-sobre-el-movimiento-regularizacionya-fernanda-callejas-y-jatou-fall\/\",\"url\":\"https:\/\/zas.eus\/entrevista-sobre-el-movimiento-regularizacionya-fernanda-callejas-y-jatou-fall\/\",\"name\":\"#Regularizaci\u00f3nYa mugimenduari buruzko elkarrizketa: Fernanda Callejas eta Jatou Fall - Zas!\",\"isPartOf\":{\"@id\":\"https:\/\/zas.eus\/#website\"},\"primaryImageOfPage\":{\"@id\":\"https:\/\/zas.eus\/entrevista-sobre-el-movimiento-regularizacionya-fernanda-callejas-y-jatou-fall\/#primaryimage\"},\"image\":{\"@id\":\"https:\/\/zas.eus\/entrevista-sobre-el-movimiento-regularizacionya-fernanda-callejas-y-jatou-fall\/#primaryimage\"},\"thumbnailUrl\":\"https:\/\/zas.eus\/wp-content\/uploads\/2022\/06\/WhatsApp-Image-2022-05-31-at-1.05.27-PM.jpeg\",\"datePublished\":\"2022-06-16T10:25:39+00:00\",\"dateModified\":\"2022-06-16T10:27:35+00:00\",\"breadcrumb\":{\"@id\":\"https:\/\/zas.eus\/entrevista-sobre-el-movimiento-regularizacionya-fernanda-callejas-y-jatou-fall\/#breadcrumb\"},\"inLanguage\":\"eu-ES\",\"potentialAction\":[{\"@type\":\"ReadAction\",\"target\":[\"https:\/\/zas.eus\/entrevista-sobre-el-movimiento-regularizacionya-fernanda-callejas-y-jatou-fall\/\"]}]},{\"@type\":\"ImageObject\",\"inLanguage\":\"eu-ES\",\"@id\":\"https:\/\/zas.eus\/entrevista-sobre-el-movimiento-regularizacionya-fernanda-callejas-y-jatou-fall\/#primaryimage\",\"url\":\"https:\/\/zas.eus\/wp-content\/uploads\/2022\/06\/WhatsApp-Image-2022-05-31-at-1.05.27-PM.jpeg\",\"contentUrl\":\"https:\/\/zas.eus\/wp-content\/uploads\/2022\/06\/WhatsApp-Image-2022-05-31-at-1.05.27-PM.jpeg\",\"width\":1433,\"height\":1163},{\"@type\":\"BreadcrumbList\",\"@id\":\"https:\/\/zas.eus\/entrevista-sobre-el-movimiento-regularizacionya-fernanda-callejas-y-jatou-fall\/#breadcrumb\",\"itemListElement\":[{\"@type\":\"ListItem\",\"position\":1,\"name\":\"Portada\",\"item\":\"https:\/\/zas.eus\/eu\/\"},{\"@type\":\"ListItem\",\"position\":2,\"name\":\"#Regularizaci\u00f3nYa mugimenduari buruzko elkarrizketa: Fernanda Callejas eta Jatou Fall\"}]},{\"@type\":\"WebSite\",\"@id\":\"https:\/\/zas.eus\/#website\",\"url\":\"https:\/\/zas.eus\/\",\"name\":\"Zas!\",\"description\":\"Zurrumurruen Aurkako Sarea | Red Vasca AntiRumores\",\"publisher\":{\"@id\":\"https:\/\/zas.eus\/#organization\"},\"potentialAction\":[{\"@type\":\"SearchAction\",\"target\":{\"@type\":\"EntryPoint\",\"urlTemplate\":\"https:\/\/zas.eus\/?s={search_term_string}\"},\"query-input\":{\"@type\":\"PropertyValueSpecification\",\"valueRequired\":true,\"valueName\":\"search_term_string\"}}],\"inLanguage\":\"eu-ES\"},{\"@type\":\"Organization\",\"@id\":\"https:\/\/zas.eus\/#organization\",\"name\":\"Zas!\",\"url\":\"https:\/\/zas.eus\/\",\"logo\":{\"@type\":\"ImageObject\",\"inLanguage\":\"eu-ES\",\"@id\":\"https:\/\/zas.eus\/#\/schema\/logo\/image\/\",\"url\":\"https:\/\/zas.eus\/wp-content\/uploads\/2020\/10\/Zas-Logotipo.png\",\"contentUrl\":\"https:\/\/zas.eus\/wp-content\/uploads\/2020\/10\/Zas-Logotipo.png\",\"width\":150,\"height\":80,\"caption\":\"Zas!\"},\"image\":{\"@id\":\"https:\/\/zas.eus\/#\/schema\/logo\/image\/\"},\"sameAs\":[\"https:\/\/www.facebook.com\/ZasAntirumor\/\",\"https:\/\/x.com\/Zas_Antirumor\",\"https:\/\/www.youtube.com\/channel\/UCpAu6QIESWwkx0E7AdRmjpw\",\"https:\/\/www.instagram.com\/zasantirumor\/\"]},{\"@type\":\"Person\",\"@id\":\"https:\/\/zas.eus\/#\/schema\/person\/6c4d67875878e0ec633a66f7e7d3a5d5\",\"name\":\"zas\",\"image\":{\"@type\":\"ImageObject\",\"inLanguage\":\"eu-ES\",\"@id\":\"https:\/\/zas.eus\/#\/schema\/person\/image\/\",\"url\":\"https:\/\/secure.gravatar.com\/avatar\/ffefadbb0d21339a48a27986a916bafbc308453793b3fc4eb59e93c32c8aaa98?s=96&d=mm&r=g\",\"contentUrl\":\"https:\/\/secure.gravatar.com\/avatar\/ffefadbb0d21339a48a27986a916bafbc308453793b3fc4eb59e93c32c8aaa98?s=96&d=mm&r=g\",\"caption\":\"zas\"},\"sameAs\":[\"https:\/\/zas.eus\"],\"url\":\"https:\/\/zas.eus\/eu\/author\/zas\/\"}]}<\/script>\n<!-- \/ Yoast SEO plugin. -->","yoast_head_json":{"title":"#Regularizaci\u00f3nYa mugimenduari buruzko elkarrizketa: Fernanda Callejas eta Jatou Fall - Zas!","robots":{"index":"index","follow":"follow","max-snippet":"max-snippet:-1","max-image-preview":"max-image-preview:large","max-video-preview":"max-video-preview:-1"},"canonical":"https:\/\/zas.eus\/entrevista-sobre-el-movimiento-regularizacionya-fernanda-callejas-y-jatou-fall\/","og_locale":"eu_ES","og_type":"article","og_title":"#Regularizaci\u00f3nYa mugimenduari buruzko elkarrizketa: Fernanda Callejas eta Jatou Fall - Zas!","og_description":"Fernanda Callejas-Red de Mujeres Migradas y Racializadas de Euskalherria Jatou Fall-CNAAE (Comunidad Negra Africana Afrodescendiente...","og_url":"https:\/\/zas.eus\/entrevista-sobre-el-movimiento-regularizacionya-fernanda-callejas-y-jatou-fall\/","og_site_name":"Zas!","article_publisher":"https:\/\/www.facebook.com\/ZasAntirumor\/","article_published_time":"2022-06-16T10:25:39+00:00","article_modified_time":"2022-06-16T10:27:35+00:00","og_image":[{"width":1433,"height":1163,"url":"https:\/\/zas.eus\/wp-content\/uploads\/2022\/06\/WhatsApp-Image-2022-05-31-at-1.05.27-PM.jpeg","type":"image\/jpeg"}],"author":"zas","twitter_card":"summary_large_image","twitter_creator":"@Zas_Antirumor","twitter_site":"@Zas_Antirumor","twitter_misc":{"Written by":"zas","Est. reading time":"8 minutes"},"schema":{"@context":"https:\/\/schema.org","@graph":[{"@type":"Article","@id":"https:\/\/zas.eus\/entrevista-sobre-el-movimiento-regularizacionya-fernanda-callejas-y-jatou-fall\/#article","isPartOf":{"@id":"https:\/\/zas.eus\/entrevista-sobre-el-movimiento-regularizacionya-fernanda-callejas-y-jatou-fall\/"},"author":{"name":"zas","@id":"https:\/\/zas.eus\/#\/schema\/person\/6c4d67875878e0ec633a66f7e7d3a5d5"},"headline":"#Regularizaci\u00f3nYa mugimenduari buruzko elkarrizketa: Fernanda Callejas eta Jatou Fall","datePublished":"2022-06-16T10:25:39+00:00","dateModified":"2022-06-16T10:27:35+00:00","mainEntityOfPage":{"@id":"https:\/\/zas.eus\/entrevista-sobre-el-movimiento-regularizacionya-fernanda-callejas-y-jatou-fall\/"},"wordCount":1802,"commentCount":0,"publisher":{"@id":"https:\/\/zas.eus\/#organization"},"image":{"@id":"https:\/\/zas.eus\/entrevista-sobre-el-movimiento-regularizacionya-fernanda-callejas-y-jatou-fall\/#primaryimage"},"thumbnailUrl":"https:\/\/zas.eus\/wp-content\/uploads\/2022\/06\/WhatsApp-Image-2022-05-31-at-1.05.27-PM.jpeg","articleSection":["Entrevistas"],"inLanguage":"eu-ES"},{"@type":"WebPage","@id":"https:\/\/zas.eus\/entrevista-sobre-el-movimiento-regularizacionya-fernanda-callejas-y-jatou-fall\/","url":"https:\/\/zas.eus\/entrevista-sobre-el-movimiento-regularizacionya-fernanda-callejas-y-jatou-fall\/","name":"#Regularizaci\u00f3nYa mugimenduari buruzko elkarrizketa: Fernanda Callejas eta Jatou Fall - Zas!","isPartOf":{"@id":"https:\/\/zas.eus\/#website"},"primaryImageOfPage":{"@id":"https:\/\/zas.eus\/entrevista-sobre-el-movimiento-regularizacionya-fernanda-callejas-y-jatou-fall\/#primaryimage"},"image":{"@id":"https:\/\/zas.eus\/entrevista-sobre-el-movimiento-regularizacionya-fernanda-callejas-y-jatou-fall\/#primaryimage"},"thumbnailUrl":"https:\/\/zas.eus\/wp-content\/uploads\/2022\/06\/WhatsApp-Image-2022-05-31-at-1.05.27-PM.jpeg","datePublished":"2022-06-16T10:25:39+00:00","dateModified":"2022-06-16T10:27:35+00:00","breadcrumb":{"@id":"https:\/\/zas.eus\/entrevista-sobre-el-movimiento-regularizacionya-fernanda-callejas-y-jatou-fall\/#breadcrumb"},"inLanguage":"eu-ES","potentialAction":[{"@type":"ReadAction","target":["https:\/\/zas.eus\/entrevista-sobre-el-movimiento-regularizacionya-fernanda-callejas-y-jatou-fall\/"]}]},{"@type":"ImageObject","inLanguage":"eu-ES","@id":"https:\/\/zas.eus\/entrevista-sobre-el-movimiento-regularizacionya-fernanda-callejas-y-jatou-fall\/#primaryimage","url":"https:\/\/zas.eus\/wp-content\/uploads\/2022\/06\/WhatsApp-Image-2022-05-31-at-1.05.27-PM.jpeg","contentUrl":"https:\/\/zas.eus\/wp-content\/uploads\/2022\/06\/WhatsApp-Image-2022-05-31-at-1.05.27-PM.jpeg","width":1433,"height":1163},{"@type":"BreadcrumbList","@id":"https:\/\/zas.eus\/entrevista-sobre-el-movimiento-regularizacionya-fernanda-callejas-y-jatou-fall\/#breadcrumb","itemListElement":[{"@type":"ListItem","position":1,"name":"Portada","item":"https:\/\/zas.eus\/eu\/"},{"@type":"ListItem","position":2,"name":"#Regularizaci\u00f3nYa mugimenduari buruzko elkarrizketa: Fernanda Callejas eta Jatou Fall"}]},{"@type":"WebSite","@id":"https:\/\/zas.eus\/#website","url":"https:\/\/zas.eus\/","name":"Zas!","description":"Zurrumurruen Aurkako Sarea | Red Vasca AntiRumores","publisher":{"@id":"https:\/\/zas.eus\/#organization"},"potentialAction":[{"@type":"SearchAction","target":{"@type":"EntryPoint","urlTemplate":"https:\/\/zas.eus\/?s={search_term_string}"},"query-input":{"@type":"PropertyValueSpecification","valueRequired":true,"valueName":"search_term_string"}}],"inLanguage":"eu-ES"},{"@type":"Organization","@id":"https:\/\/zas.eus\/#organization","name":"Zas!","url":"https:\/\/zas.eus\/","logo":{"@type":"ImageObject","inLanguage":"eu-ES","@id":"https:\/\/zas.eus\/#\/schema\/logo\/image\/","url":"https:\/\/zas.eus\/wp-content\/uploads\/2020\/10\/Zas-Logotipo.png","contentUrl":"https:\/\/zas.eus\/wp-content\/uploads\/2020\/10\/Zas-Logotipo.png","width":150,"height":80,"caption":"Zas!"},"image":{"@id":"https:\/\/zas.eus\/#\/schema\/logo\/image\/"},"sameAs":["https:\/\/www.facebook.com\/ZasAntirumor\/","https:\/\/x.com\/Zas_Antirumor","https:\/\/www.youtube.com\/channel\/UCpAu6QIESWwkx0E7AdRmjpw","https:\/\/www.instagram.com\/zasantirumor\/"]},{"@type":"Person","@id":"https:\/\/zas.eus\/#\/schema\/person\/6c4d67875878e0ec633a66f7e7d3a5d5","name":"zas","image":{"@type":"ImageObject","inLanguage":"eu-ES","@id":"https:\/\/zas.eus\/#\/schema\/person\/image\/","url":"https:\/\/secure.gravatar.com\/avatar\/ffefadbb0d21339a48a27986a916bafbc308453793b3fc4eb59e93c32c8aaa98?s=96&d=mm&r=g","contentUrl":"https:\/\/secure.gravatar.com\/avatar\/ffefadbb0d21339a48a27986a916bafbc308453793b3fc4eb59e93c32c8aaa98?s=96&d=mm&r=g","caption":"zas"},"sameAs":["https:\/\/zas.eus"],"url":"https:\/\/zas.eus\/eu\/author\/zas\/"}]}},"_links":{"self":[{"href":"https:\/\/zas.eus\/eu\/wp-json\/wp\/v2\/posts\/4466","targetHints":{"allow":["GET"]}}],"collection":[{"href":"https:\/\/zas.eus\/eu\/wp-json\/wp\/v2\/posts"}],"about":[{"href":"https:\/\/zas.eus\/eu\/wp-json\/wp\/v2\/types\/post"}],"author":[{"embeddable":true,"href":"https:\/\/zas.eus\/eu\/wp-json\/wp\/v2\/users\/1"}],"replies":[{"embeddable":true,"href":"https:\/\/zas.eus\/eu\/wp-json\/wp\/v2\/comments?post=4466"}],"version-history":[{"count":0,"href":"https:\/\/zas.eus\/eu\/wp-json\/wp\/v2\/posts\/4466\/revisions"}],"wp:featuredmedia":[{"embeddable":true,"href":"https:\/\/zas.eus\/eu\/wp-json\/wp\/v2\/media\/4467"}],"wp:attachment":[{"href":"https:\/\/zas.eus\/eu\/wp-json\/wp\/v2\/media?parent=4466"}],"wp:term":[{"taxonomy":"category","embeddable":true,"href":"https:\/\/zas.eus\/eu\/wp-json\/wp\/v2\/categories?post=4466"},{"taxonomy":"post_tag","embeddable":true,"href":"https:\/\/zas.eus\/eu\/wp-json\/wp\/v2\/tags?post=4466"}],"curies":[{"name":"wp","href":"https:\/\/api.w.org\/{rel}","templated":true}]}}