{"id":1280,"date":"2019-02-26T14:15:19","date_gmt":"2019-02-26T14:15:19","guid":{"rendered":"http:\/\/tintacora.com\/zas\/pasaia-video-del-proyecto-escaleras\/"},"modified":"2019-02-26T14:15:19","modified_gmt":"2019-02-26T14:15:19","slug":"pasaia-video-del-proyecto-escaleras","status":"publish","type":"post","link":"https:\/\/zas.eus\/eu\/pasaia-video-del-proyecto-escaleras\/","title":{"rendered":"Pasaia: V\u00eddeo del proyecto \u201cEscaleras\u201d"},"content":{"rendered":"<div class=\"wpb-content-wrapper\"><p>[vc_row][vc_column][vc_column_text]<\/p>\n<h5>El pasado mes de junio, dentro de la programaci\u00f3n de la semana de la diversidad de Pasaia, se llev\u00f3 a cabo el proyecto \u201cEscaleras\u201d.<\/h5>\n<h5>En este proyecto comunitario participaron alrededor de 50 personas.<\/h5>\n<h5>El embri\u00f3n de esta iniciativa lo encontramos en un taller cuyo objetivo era impulsar la participaci\u00f3n de las mujeres de diferentes or\u00edgenes en el espacio p\u00fablico.<\/h5>\n<h5>Pasaia es diversa y eso en pocas ocasiones se refleja en nuestras calles. Las mujeres de distintos or\u00edgenes han dejado su huella, y ahora todos podemos difrutarlo.<\/h5>\n<h5>Aqu\u00ed est\u00e1 el v\u00eddeo del proceso de junio. Esperamos que sea de vuestro agrado.<\/h5>\n<p>[\/vc_column_text][\/vc_column][\/vc_row][vc_row][vc_column][vc_video link=&#8221;https:\/\/youtu.be\/hdirReoD1dQ&#8221;][\/vc_column][\/vc_row]<\/p>\n<\/div>","protected":false},"excerpt":{"rendered":"<p>[vc_row][vc_column][vc_column_text] El pasado mes de junio, dentro de la programaci\u00f3n de la semana de la&#8230;<\/p>\n","protected":false},"author":1,"featured_media":941,"comment_status":"open","ping_status":"open","sticky":false,"template":"","format":"standard","meta":{"footnotes":""},"categories":[27],"tags":[],"class_list":["post-1280","post","type-post","status-publish","format-standard","has-post-thumbnail","hentry","category-berriak"],"yoast_head":"<!-- This site is optimized with the Yoast SEO plugin v25.8 - https:\/\/yoast.com\/wordpress\/plugins\/seo\/ -->\n<title>Pasaia: V\u00eddeo del proyecto \u201cEscaleras\u201d - Zas!<\/title>\n<meta name=\"robots\" content=\"index, follow, max-snippet:-1, max-image-preview:large, max-video-preview:-1\" \/>\n<link rel=\"canonical\" href=\"https:\/\/zas.eus\/pasaia-video-del-proyecto-escaleras\/\" \/>\n<meta property=\"og:locale\" content=\"eu_ES\" \/>\n<meta property=\"og:type\" content=\"article\" \/>\n<meta property=\"og:title\" content=\"Pasaia: V\u00eddeo del proyecto \u201cEscaleras\u201d - Zas!\" \/>\n<meta property=\"og:description\" content=\"[vc_row][vc_column][vc_column_text] El pasado mes de junio, dentro de la programaci\u00f3n de la semana de la...\" \/>\n<meta property=\"og:url\" content=\"https:\/\/zas.eus\/pasaia-video-del-proyecto-escaleras\/\" \/>\n<meta property=\"og:site_name\" content=\"Zas!\" \/>\n<meta property=\"article:publisher\" content=\"https:\/\/www.facebook.com\/ZasAntirumor\/\" \/>\n<meta property=\"article:published_time\" content=\"2019-02-26T14:15:19+00:00\" \/>\n<meta property=\"og:image\" content=\"https:\/\/zas.eus\/wp-content\/uploads\/2019\/02\/Pasaia-Video-proyecto-Escaleras-1024x488.png\" \/>\n\t<meta property=\"og:image:width\" content=\"1024\" \/>\n\t<meta property=\"og:image:height\" content=\"488\" \/>\n\t<meta property=\"og:image:type\" content=\"image\/png\" \/>\n<meta name=\"author\" content=\"zas\" \/>\n<meta name=\"twitter:card\" content=\"summary_large_image\" \/>\n<meta name=\"twitter:creator\" content=\"@Zas_Antirumor\" \/>\n<meta name=\"twitter:site\" content=\"@Zas_Antirumor\" \/>\n<meta name=\"twitter:label1\" content=\"Written by\" \/>\n\t<meta name=\"twitter:data1\" content=\"zas\" \/>\n\t<meta name=\"twitter:label2\" content=\"Est. reading time\" \/>\n\t<meta name=\"twitter:data2\" content=\"1 minute\" \/>\n<script type=\"application\/ld+json\" class=\"yoast-schema-graph\">{\"@context\":\"https:\/\/schema.org\",\"@graph\":[{\"@type\":\"Article\",\"@id\":\"https:\/\/zas.eus\/pasaia-video-del-proyecto-escaleras\/#article\",\"isPartOf\":{\"@id\":\"https:\/\/zas.eus\/pasaia-video-del-proyecto-escaleras\/\"},\"author\":{\"name\":\"zas\",\"@id\":\"https:\/\/zas.eus\/#\/schema\/person\/6c4d67875878e0ec633a66f7e7d3a5d5\"},\"headline\":\"Pasaia: V\u00eddeo del proyecto \u201cEscaleras\u201d\",\"datePublished\":\"2019-02-26T14:15:19+00:00\",\"mainEntityOfPage\":{\"@id\":\"https:\/\/zas.eus\/pasaia-video-del-proyecto-escaleras\/\"},\"wordCount\":142,\"commentCount\":0,\"publisher\":{\"@id\":\"https:\/\/zas.eus\/#organization\"},\"image\":{\"@id\":\"https:\/\/zas.eus\/pasaia-video-del-proyecto-escaleras\/#primaryimage\"},\"thumbnailUrl\":\"https:\/\/zas.eus\/wp-content\/uploads\/2019\/02\/Pasaia-Video-proyecto-Escaleras.png\",\"articleSection\":[\"Berriak\"],\"inLanguage\":\"eu-ES\"},{\"@type\":\"WebPage\",\"@id\":\"https:\/\/zas.eus\/pasaia-video-del-proyecto-escaleras\/\",\"url\":\"https:\/\/zas.eus\/pasaia-video-del-proyecto-escaleras\/\",\"name\":\"Pasaia: V\u00eddeo del proyecto \u201cEscaleras\u201d - Zas!\",\"isPartOf\":{\"@id\":\"https:\/\/zas.eus\/#website\"},\"primaryImageOfPage\":{\"@id\":\"https:\/\/zas.eus\/pasaia-video-del-proyecto-escaleras\/#primaryimage\"},\"image\":{\"@id\":\"https:\/\/zas.eus\/pasaia-video-del-proyecto-escaleras\/#primaryimage\"},\"thumbnailUrl\":\"https:\/\/zas.eus\/wp-content\/uploads\/2019\/02\/Pasaia-Video-proyecto-Escaleras.png\",\"datePublished\":\"2019-02-26T14:15:19+00:00\",\"breadcrumb\":{\"@id\":\"https:\/\/zas.eus\/pasaia-video-del-proyecto-escaleras\/#breadcrumb\"},\"inLanguage\":\"eu-ES\",\"potentialAction\":[{\"@type\":\"ReadAction\",\"target\":[\"https:\/\/zas.eus\/pasaia-video-del-proyecto-escaleras\/\"]}]},{\"@type\":\"ImageObject\",\"inLanguage\":\"eu-ES\",\"@id\":\"https:\/\/zas.eus\/pasaia-video-del-proyecto-escaleras\/#primaryimage\",\"url\":\"https:\/\/zas.eus\/wp-content\/uploads\/2019\/02\/Pasaia-Video-proyecto-Escaleras.png\",\"contentUrl\":\"https:\/\/zas.eus\/wp-content\/uploads\/2019\/02\/Pasaia-Video-proyecto-Escaleras.png\",\"width\":1680,\"height\":801},{\"@type\":\"BreadcrumbList\",\"@id\":\"https:\/\/zas.eus\/pasaia-video-del-proyecto-escaleras\/#breadcrumb\",\"itemListElement\":[{\"@type\":\"ListItem\",\"position\":1,\"name\":\"Portada\",\"item\":\"https:\/\/zas.eus\/eu\/\"},{\"@type\":\"ListItem\",\"position\":2,\"name\":\"Pasaia: V\u00eddeo del proyecto \u201cEscaleras\u201d\"}]},{\"@type\":\"WebSite\",\"@id\":\"https:\/\/zas.eus\/#website\",\"url\":\"https:\/\/zas.eus\/\",\"name\":\"Zas!\",\"description\":\"Zurrumurruen Aurkako Sarea | Red Vasca AntiRumores\",\"publisher\":{\"@id\":\"https:\/\/zas.eus\/#organization\"},\"potentialAction\":[{\"@type\":\"SearchAction\",\"target\":{\"@type\":\"EntryPoint\",\"urlTemplate\":\"https:\/\/zas.eus\/?s={search_term_string}\"},\"query-input\":{\"@type\":\"PropertyValueSpecification\",\"valueRequired\":true,\"valueName\":\"search_term_string\"}}],\"inLanguage\":\"eu-ES\"},{\"@type\":\"Organization\",\"@id\":\"https:\/\/zas.eus\/#organization\",\"name\":\"Zas!\",\"url\":\"https:\/\/zas.eus\/\",\"logo\":{\"@type\":\"ImageObject\",\"inLanguage\":\"eu-ES\",\"@id\":\"https:\/\/zas.eus\/#\/schema\/logo\/image\/\",\"url\":\"https:\/\/zas.eus\/wp-content\/uploads\/2020\/10\/Zas-Logotipo.png\",\"contentUrl\":\"https:\/\/zas.eus\/wp-content\/uploads\/2020\/10\/Zas-Logotipo.png\",\"width\":150,\"height\":80,\"caption\":\"Zas!\"},\"image\":{\"@id\":\"https:\/\/zas.eus\/#\/schema\/logo\/image\/\"},\"sameAs\":[\"https:\/\/www.facebook.com\/ZasAntirumor\/\",\"https:\/\/x.com\/Zas_Antirumor\",\"https:\/\/www.youtube.com\/channel\/UCpAu6QIESWwkx0E7AdRmjpw\",\"https:\/\/www.instagram.com\/zasantirumor\/\"]},{\"@type\":\"Person\",\"@id\":\"https:\/\/zas.eus\/#\/schema\/person\/6c4d67875878e0ec633a66f7e7d3a5d5\",\"name\":\"zas\",\"image\":{\"@type\":\"ImageObject\",\"inLanguage\":\"eu-ES\",\"@id\":\"https:\/\/zas.eus\/#\/schema\/person\/image\/\",\"url\":\"https:\/\/secure.gravatar.com\/avatar\/ffefadbb0d21339a48a27986a916bafbc308453793b3fc4eb59e93c32c8aaa98?s=96&d=mm&r=g\",\"contentUrl\":\"https:\/\/secure.gravatar.com\/avatar\/ffefadbb0d21339a48a27986a916bafbc308453793b3fc4eb59e93c32c8aaa98?s=96&d=mm&r=g\",\"caption\":\"zas\"},\"sameAs\":[\"https:\/\/zas.eus\"],\"url\":\"https:\/\/zas.eus\/eu\/author\/zas\/\"}]}<\/script>\n<!-- \/ Yoast SEO plugin. -->","yoast_head_json":{"title":"Pasaia: V\u00eddeo del proyecto \u201cEscaleras\u201d - Zas!","robots":{"index":"index","follow":"follow","max-snippet":"max-snippet:-1","max-image-preview":"max-image-preview:large","max-video-preview":"max-video-preview:-1"},"canonical":"https:\/\/zas.eus\/pasaia-video-del-proyecto-escaleras\/","og_locale":"eu_ES","og_type":"article","og_title":"Pasaia: V\u00eddeo del proyecto \u201cEscaleras\u201d - Zas!","og_description":"[vc_row][vc_column][vc_column_text] El pasado mes de junio, dentro de la programaci\u00f3n de la semana de la...","og_url":"https:\/\/zas.eus\/pasaia-video-del-proyecto-escaleras\/","og_site_name":"Zas!","article_publisher":"https:\/\/www.facebook.com\/ZasAntirumor\/","article_published_time":"2019-02-26T14:15:19+00:00","og_image":[{"width":1024,"height":488,"url":"https:\/\/zas.eus\/wp-content\/uploads\/2019\/02\/Pasaia-Video-proyecto-Escaleras-1024x488.png","type":"image\/png"}],"author":"zas","twitter_card":"summary_large_image","twitter_creator":"@Zas_Antirumor","twitter_site":"@Zas_Antirumor","twitter_misc":{"Written by":"zas","Est. reading time":"1 minute"},"schema":{"@context":"https:\/\/schema.org","@graph":[{"@type":"Article","@id":"https:\/\/zas.eus\/pasaia-video-del-proyecto-escaleras\/#article","isPartOf":{"@id":"https:\/\/zas.eus\/pasaia-video-del-proyecto-escaleras\/"},"author":{"name":"zas","@id":"https:\/\/zas.eus\/#\/schema\/person\/6c4d67875878e0ec633a66f7e7d3a5d5"},"headline":"Pasaia: V\u00eddeo del proyecto \u201cEscaleras\u201d","datePublished":"2019-02-26T14:15:19+00:00","mainEntityOfPage":{"@id":"https:\/\/zas.eus\/pasaia-video-del-proyecto-escaleras\/"},"wordCount":142,"commentCount":0,"publisher":{"@id":"https:\/\/zas.eus\/#organization"},"image":{"@id":"https:\/\/zas.eus\/pasaia-video-del-proyecto-escaleras\/#primaryimage"},"thumbnailUrl":"https:\/\/zas.eus\/wp-content\/uploads\/2019\/02\/Pasaia-Video-proyecto-Escaleras.png","articleSection":["Berriak"],"inLanguage":"eu-ES"},{"@type":"WebPage","@id":"https:\/\/zas.eus\/pasaia-video-del-proyecto-escaleras\/","url":"https:\/\/zas.eus\/pasaia-video-del-proyecto-escaleras\/","name":"Pasaia: V\u00eddeo del proyecto \u201cEscaleras\u201d - Zas!","isPartOf":{"@id":"https:\/\/zas.eus\/#website"},"primaryImageOfPage":{"@id":"https:\/\/zas.eus\/pasaia-video-del-proyecto-escaleras\/#primaryimage"},"image":{"@id":"https:\/\/zas.eus\/pasaia-video-del-proyecto-escaleras\/#primaryimage"},"thumbnailUrl":"https:\/\/zas.eus\/wp-content\/uploads\/2019\/02\/Pasaia-Video-proyecto-Escaleras.png","datePublished":"2019-02-26T14:15:19+00:00","breadcrumb":{"@id":"https:\/\/zas.eus\/pasaia-video-del-proyecto-escaleras\/#breadcrumb"},"inLanguage":"eu-ES","potentialAction":[{"@type":"ReadAction","target":["https:\/\/zas.eus\/pasaia-video-del-proyecto-escaleras\/"]}]},{"@type":"ImageObject","inLanguage":"eu-ES","@id":"https:\/\/zas.eus\/pasaia-video-del-proyecto-escaleras\/#primaryimage","url":"https:\/\/zas.eus\/wp-content\/uploads\/2019\/02\/Pasaia-Video-proyecto-Escaleras.png","contentUrl":"https:\/\/zas.eus\/wp-content\/uploads\/2019\/02\/Pasaia-Video-proyecto-Escaleras.png","width":1680,"height":801},{"@type":"BreadcrumbList","@id":"https:\/\/zas.eus\/pasaia-video-del-proyecto-escaleras\/#breadcrumb","itemListElement":[{"@type":"ListItem","position":1,"name":"Portada","item":"https:\/\/zas.eus\/eu\/"},{"@type":"ListItem","position":2,"name":"Pasaia: V\u00eddeo del proyecto \u201cEscaleras\u201d"}]},{"@type":"WebSite","@id":"https:\/\/zas.eus\/#website","url":"https:\/\/zas.eus\/","name":"Zas!","description":"Zurrumurruen Aurkako Sarea | Red Vasca AntiRumores","publisher":{"@id":"https:\/\/zas.eus\/#organization"},"potentialAction":[{"@type":"SearchAction","target":{"@type":"EntryPoint","urlTemplate":"https:\/\/zas.eus\/?s={search_term_string}"},"query-input":{"@type":"PropertyValueSpecification","valueRequired":true,"valueName":"search_term_string"}}],"inLanguage":"eu-ES"},{"@type":"Organization","@id":"https:\/\/zas.eus\/#organization","name":"Zas!","url":"https:\/\/zas.eus\/","logo":{"@type":"ImageObject","inLanguage":"eu-ES","@id":"https:\/\/zas.eus\/#\/schema\/logo\/image\/","url":"https:\/\/zas.eus\/wp-content\/uploads\/2020\/10\/Zas-Logotipo.png","contentUrl":"https:\/\/zas.eus\/wp-content\/uploads\/2020\/10\/Zas-Logotipo.png","width":150,"height":80,"caption":"Zas!"},"image":{"@id":"https:\/\/zas.eus\/#\/schema\/logo\/image\/"},"sameAs":["https:\/\/www.facebook.com\/ZasAntirumor\/","https:\/\/x.com\/Zas_Antirumor","https:\/\/www.youtube.com\/channel\/UCpAu6QIESWwkx0E7AdRmjpw","https:\/\/www.instagram.com\/zasantirumor\/"]},{"@type":"Person","@id":"https:\/\/zas.eus\/#\/schema\/person\/6c4d67875878e0ec633a66f7e7d3a5d5","name":"zas","image":{"@type":"ImageObject","inLanguage":"eu-ES","@id":"https:\/\/zas.eus\/#\/schema\/person\/image\/","url":"https:\/\/secure.gravatar.com\/avatar\/ffefadbb0d21339a48a27986a916bafbc308453793b3fc4eb59e93c32c8aaa98?s=96&d=mm&r=g","contentUrl":"https:\/\/secure.gravatar.com\/avatar\/ffefadbb0d21339a48a27986a916bafbc308453793b3fc4eb59e93c32c8aaa98?s=96&d=mm&r=g","caption":"zas"},"sameAs":["https:\/\/zas.eus"],"url":"https:\/\/zas.eus\/eu\/author\/zas\/"}]}},"_links":{"self":[{"href":"https:\/\/zas.eus\/eu\/wp-json\/wp\/v2\/posts\/1280","targetHints":{"allow":["GET"]}}],"collection":[{"href":"https:\/\/zas.eus\/eu\/wp-json\/wp\/v2\/posts"}],"about":[{"href":"https:\/\/zas.eus\/eu\/wp-json\/wp\/v2\/types\/post"}],"author":[{"embeddable":true,"href":"https:\/\/zas.eus\/eu\/wp-json\/wp\/v2\/users\/1"}],"replies":[{"embeddable":true,"href":"https:\/\/zas.eus\/eu\/wp-json\/wp\/v2\/comments?post=1280"}],"version-history":[{"count":0,"href":"https:\/\/zas.eus\/eu\/wp-json\/wp\/v2\/posts\/1280\/revisions"}],"wp:featuredmedia":[{"embeddable":true,"href":"https:\/\/zas.eus\/eu\/wp-json\/wp\/v2\/media\/941"}],"wp:attachment":[{"href":"https:\/\/zas.eus\/eu\/wp-json\/wp\/v2\/media?parent=1280"}],"wp:term":[{"taxonomy":"category","embeddable":true,"href":"https:\/\/zas.eus\/eu\/wp-json\/wp\/v2\/categories?post=1280"},{"taxonomy":"post_tag","embeddable":true,"href":"https:\/\/zas.eus\/eu\/wp-json\/wp\/v2\/tags?post=1280"}],"curies":[{"name":"wp","href":"https:\/\/api.w.org\/{rel}","templated":true}]}}